{"id":136,"date":"2012-06-22T07:00:00","date_gmt":"2012-06-22T07:00:00","guid":{"rendered":"http:\/\/www.vnsg.ch\/site_wp\/s5-programm-archiv\/c16-pflegeeinsaetze\/marktstand-neophyten\/"},"modified":"2015-02-01T22:34:54","modified_gmt":"2015-02-01T22:34:54","slug":"marktstand-neophyten","status":"publish","type":"post","link":"https:\/\/www.vnsg.ch\/site_wp\/programm\/pflegeinsatz\/marktstand-neophyten\/","title":{"rendered":"Marktstand und Aktionstag Neophyten"},"content":{"rendered":"<p><div class=\"bx-wrapper-border-shadow\">\n<ul class=\"bxslider bxslider1\"><li><img decoding=\"async\" src=\"https:\/\/www.vnsg.ch\/site_wp\/..\/public\/photos\/2012-06-22_neophytenaktion\/DSCN1181.jpg\" width=\"750\" alt=\"DSCN1181.jpg\" \/><\/li>\n<li><img decoding=\"async\" src=\"https:\/\/www.vnsg.ch\/site_wp\/..\/public\/photos\/2012-06-22_neophytenaktion\/DSCN1182.jpg\" width=\"750\" alt=\"DSCN1182.jpg\" \/><\/li>\n<li><img decoding=\"async\" src=\"https:\/\/www.vnsg.ch\/site_wp\/..\/public\/photos\/2012-06-22_neophytenaktion\/DSCN1184.jpg\" width=\"750\" alt=\"DSCN1184.jpg\" \/><\/li>\n<li><img decoding=\"async\" src=\"https:\/\/www.vnsg.ch\/site_wp\/..\/public\/photos\/2012-06-22_neophytenaktion\/DSCN1185.jpg\" width=\"750\" alt=\"DSCN1185.jpg\" \/><\/li>\n<li><img decoding=\"async\" src=\"https:\/\/www.vnsg.ch\/site_wp\/..\/public\/photos\/2012-06-22_neophytenaktion\/DSCN1186.jpg\" width=\"750\" alt=\"DSCN1186.jpg\" \/><\/li>\n<li><img decoding=\"async\" src=\"https:\/\/www.vnsg.ch\/site_wp\/..\/public\/photos\/2012-06-22_neophytenaktion\/DSCN1187.jpg\" width=\"750\" alt=\"DSCN1187.jpg\" \/><\/li>\n<li><img decoding=\"async\" src=\"https:\/\/www.vnsg.ch\/site_wp\/..\/public\/photos\/2012-06-22_neophytenaktion\/DSCN1188.jpg\" width=\"750\" alt=\"DSCN1188.jpg\" \/><\/li>\n<li><img decoding=\"async\" src=\"https:\/\/www.vnsg.ch\/site_wp\/..\/public\/photos\/2012-06-22_neophytenaktion\/DSCN1211.jpg\" width=\"750\" alt=\"DSCN1211.jpg\" \/><\/li>\n<li><img decoding=\"async\" src=\"https:\/\/www.vnsg.ch\/site_wp\/..\/public\/photos\/2012-06-22_neophytenaktion\/DSCN1217.jpg\" width=\"750\" alt=\"DSCN1217.jpg\" \/><\/li>\n<li><img decoding=\"async\" src=\"https:\/\/www.vnsg.ch\/site_wp\/..\/public\/photos\/2012-06-22_neophytenaktion\/DSCN1222.jpg\" width=\"750\" alt=\"DSCN1222.jpg\" \/><\/li>\n<li><img decoding=\"async\" src=\"https:\/\/www.vnsg.ch\/site_wp\/..\/public\/photos\/2012-06-22_neophytenaktion\/DSCN1224.jpg\" width=\"750\" alt=\"DSCN1224.jpg\" \/><\/li>\n<li><img decoding=\"async\" src=\"https:\/\/www.vnsg.ch\/site_wp\/..\/public\/photos\/2012-06-22_neophytenaktion\/DSCN1226.jpg\" width=\"750\" alt=\"DSCN1226.jpg\" \/><\/li>\n<li><img decoding=\"async\" src=\"https:\/\/www.vnsg.ch\/site_wp\/..\/public\/photos\/2012-06-22_neophytenaktion\/DSCN1227.jpg\" width=\"750\" alt=\"DSCN1227.jpg\" \/><\/li>\n<li><img decoding=\"async\" src=\"https:\/\/www.vnsg.ch\/site_wp\/..\/public\/photos\/2012-06-22_neophytenaktion\/DSCN1231.jpg\" width=\"750\" alt=\"DSCN1231.jpg\" \/><\/li>\n<li><img decoding=\"async\" src=\"https:\/\/www.vnsg.ch\/site_wp\/..\/public\/photos\/2012-06-22_neophytenaktion\/DSCN1232.jpg\" width=\"750\" alt=\"DSCN1232.jpg\" \/><\/li>\n<li><img decoding=\"async\" src=\"https:\/\/www.vnsg.ch\/site_wp\/..\/public\/photos\/2012-06-22_neophytenaktion\/DSCN1236.jpg\" width=\"750\" alt=\"DSCN1236.jpg\" \/><\/li>\n<li><img decoding=\"async\" src=\"https:\/\/www.vnsg.ch\/site_wp\/..\/public\/photos\/2012-06-22_neophytenaktion\/DSCN1237.jpg\" width=\"750\" alt=\"DSCN1237.jpg\" \/><\/li>\n<li><img decoding=\"async\" src=\"https:\/\/www.vnsg.ch\/site_wp\/..\/public\/photos\/2012-06-22_neophytenaktion\/DSCN1238.jpg\" width=\"750\" alt=\"DSCN1238.jpg\" \/><\/li>\n<li><img decoding=\"async\" src=\"https:\/\/www.vnsg.ch\/site_wp\/..\/public\/photos\/2012-06-22_neophytenaktion\/DSCN1240.jpg\" width=\"750\" alt=\"DSCN1240.jpg\" \/><\/li>\n<li><img decoding=\"async\" src=\"https:\/\/www.vnsg.ch\/site_wp\/..\/public\/photos\/2012-06-22_neophytenaktion\/DSCN1242.jpg\" width=\"750\" alt=\"DSCN1242.jpg\" \/><\/li>\n<li><img decoding=\"async\" src=\"https:\/\/www.vnsg.ch\/site_wp\/..\/public\/photos\/2012-06-22_neophytenaktion\/DSCN1246.jpg\" width=\"750\" alt=\"DSCN1246.jpg\" \/><\/li>\n<li><img decoding=\"async\" src=\"https:\/\/www.vnsg.ch\/site_wp\/..\/public\/photos\/2012-06-22_neophytenaktion\/DSCN1247.jpg\" width=\"750\" alt=\"DSCN1247.jpg\" \/><\/li>\n<li><img decoding=\"async\" src=\"https:\/\/www.vnsg.ch\/site_wp\/..\/public\/photos\/2012-06-22_neophytenaktion\/DSCN1250.jpg\" width=\"750\" alt=\"DSCN1250.jpg\" \/><\/li>\n<li><img decoding=\"async\" src=\"https:\/\/www.vnsg.ch\/site_wp\/..\/public\/photos\/2012-06-22_neophytenaktion\/DSCN1252.jpg\" width=\"750\" alt=\"DSCN1252.jpg\" \/><\/li>\n<li><img decoding=\"async\" src=\"https:\/\/www.vnsg.ch\/site_wp\/..\/public\/photos\/2012-06-22_neophytenaktion\/DSCN1254.jpg\" width=\"750\" alt=\"DSCN1254.jpg\" \/><\/li>\n<li><img decoding=\"async\" src=\"https:\/\/www.vnsg.ch\/site_wp\/..\/public\/photos\/2012-06-22_neophytenaktion\/DSCN1256.jpg\" width=\"750\" alt=\"DSCN1256.jpg\" \/><\/li>\n<\/ul>\n<\/div>\n<br \/>\nZwischen 100 und 150 Grenchnerinnen und Grenchner besuchten unseren Informationsstand zum Thema &#8222;Invasive Neophyten&#8220; am Grenchner Wochenmarkt vom 22. Juni. Am darauf folgenden Aktionstag vom 23. Juni fanden sich dann 13 tatkr\u00e4ftige Leute um dem Japanischen Kn\u00f6terich im Altwasser zu Leibe zu r\u00fccken.<\/p>\n<p><strong>Grenchner Tagblatt:<\/strong> Artikel von <a href=\"https:\/\/www.vnsg.ch\/site_wp\/wp-content\/uploads\/2012\/06\/20120609_Geier.pdf\" target=\"_blank\">Beat Geier (9.6.2012)<\/a> und <a href=\"https:\/\/www.vnsg.ch\/site_wp\/wp-content\/uploads\/2012\/06\/20120622_Sedlacek.pdf\" target=\"_blank\">Marlene Sedlacek (22.6.2012)<\/a><\/p>\n","protected":false},"excerpt":{"rendered":"<p>Zwischen 100 und 150 Grenchnerinnen und Grenchner besuchten unseren Informationsstand zum Thema &#8222;Invasive Neophyten&#8220; am Grenchner Wochenmarkt vom 22. Juni. Am darauf folgenden Aktionstag vom 23. Juni fanden sich dann 13 tatkr\u00e4ftige Leute um dem Japanischen Kn\u00f6terich im Altwasser zu Leibe zu r\u00fccken. Grenchner Tagblatt: Artikel von Beat Geier (9.6.2012) und Marlene Sedlacek (22.6.2012)<\/p>\n","protected":false},"author":1,"featured_media":0,"comment_status":"closed","ping_status":"open","sticky":false,"template":"","format":"standard","meta":{"footnotes":""},"categories":[14],"tags":[18],"class_list":["post-136","post","type-post","status-publish","format-standard","hentry","category-pflegeinsatz","tag-fotoalbum"],"_links":{"self":[{"href":"https:\/\/www.vnsg.ch\/site_wp\/wp-json\/wp\/v2\/posts\/136","targetHints":{"allow":["GET"]}}],"collection":[{"href":"https:\/\/www.vnsg.ch\/site_wp\/wp-json\/wp\/v2\/posts"}],"about":[{"href":"https:\/\/www.vnsg.ch\/site_wp\/wp-json\/wp\/v2\/types\/post"}],"author":[{"embeddable":true,"href":"https:\/\/www.vnsg.ch\/site_wp\/wp-json\/wp\/v2\/users\/1"}],"replies":[{"embeddable":true,"href":"https:\/\/www.vnsg.ch\/site_wp\/wp-json\/wp\/v2\/comments?post=136"}],"version-history":[{"count":4,"href":"https:\/\/www.vnsg.ch\/site_wp\/wp-json\/wp\/v2\/posts\/136\/revisions"}],"predecessor-version":[{"id":986,"href":"https:\/\/www.vnsg.ch\/site_wp\/wp-json\/wp\/v2\/posts\/136\/revisions\/986"}],"wp:attachment":[{"href":"https:\/\/www.vnsg.ch\/site_wp\/wp-json\/wp\/v2\/media?parent=136"}],"wp:term":[{"taxonomy":"category","embeddable":true,"href":"https:\/\/www.vnsg.ch\/site_wp\/wp-json\/wp\/v2\/categories?post=136"},{"taxonomy":"post_tag","embeddable":true,"href":"https:\/\/www.vnsg.ch\/site_wp\/wp-json\/wp\/v2\/tags?post=136"}],"curies":[{"name":"wp","href":"https:\/\/api.w.org\/{rel}","templated":true}]}}