{"id":1287,"date":"2018-02-02T19:30:01","date_gmt":"2018-02-02T19:30:01","guid":{"rendered":"http:\/\/www.vnsg.ch\/site_wp\/?p=1287"},"modified":"2018-02-05T07:59:50","modified_gmt":"2018-02-05T07:59:50","slug":"generalversammlung-4","status":"publish","type":"post","link":"https:\/\/www.vnsg.ch\/site_wp\/programm\/vortrag\/generalversammlung-4\/","title":{"rendered":"Generalversammlung"},"content":{"rendered":"<p>Start um 19.30 Uhr mit einem Ap\u00e9ro im Begegnungszentrum Lindenhaus Grenchen (<a href=\"https:\/\/map.search.ch\/Lindenhaus,Begegnungszentrum,Grenchen,Lindenstr.29?pos=596482,226741&amp;z=1024&amp;poi=gebaeude,zug\" target=\"_blank\" rel=\"noopener\">map.search.ch<\/a>). Danach <a href=\"http:\/\/www.vnsg.ch\/public\/programm\/2018\/Gluehwuermchen-Vortrag.pdf\" target=\"_blank\" rel=\"noopener\"><img loading=\"lazy\" decoding=\"async\" class=\" size-full wp-image-1\" src=\"https:\/\/www.vnsg.ch\/site_wp\/wp-content\/uploads\/2009\/02\/icon-pdf.jpg\" alt=\"\" width=\"12\" height=\"12\" border=\"0\" \/>  <strong>Vortrag zum Gl\u00fchw\u00fcrmchen <\/strong><\/a>von Stefan Ineichen. Formeller Teil der GV folgt um 21 Uhr.<\/p>\n","protected":false},"excerpt":{"rendered":"<p>Start um 19.30 Uhr mit einem Ap\u00e9ro im Begegnungszentrum Lindenhaus Grenchen (map.search.ch). Danach Vortrag zum Gl\u00fchw\u00fcrmchen von Stefan Ineichen. Formeller Teil der GV folgt um 21 Uhr.<\/p>\n","protected":false},"author":1,"featured_media":1345,"comment_status":"closed","ping_status":"closed","sticky":false,"template":"","format":"standard","meta":{"footnotes":""},"categories":[8],"tags":[],"class_list":["post-1287","post","type-post","status-publish","format-standard","has-post-thumbnail","hentry","category-vortrag"],"_links":{"self":[{"href":"https:\/\/www.vnsg.ch\/site_wp\/wp-json\/wp\/v2\/posts\/1287","targetHints":{"allow":["GET"]}}],"collection":[{"href":"https:\/\/www.vnsg.ch\/site_wp\/wp-json\/wp\/v2\/posts"}],"about":[{"href":"https:\/\/www.vnsg.ch\/site_wp\/wp-json\/wp\/v2\/types\/post"}],"author":[{"embeddable":true,"href":"https:\/\/www.vnsg.ch\/site_wp\/wp-json\/wp\/v2\/users\/1"}],"replies":[{"embeddable":true,"href":"https:\/\/www.vnsg.ch\/site_wp\/wp-json\/wp\/v2\/comments?post=1287"}],"version-history":[{"count":8,"href":"https:\/\/www.vnsg.ch\/site_wp\/wp-json\/wp\/v2\/posts\/1287\/revisions"}],"predecessor-version":[{"id":1424,"href":"https:\/\/www.vnsg.ch\/site_wp\/wp-json\/wp\/v2\/posts\/1287\/revisions\/1424"}],"wp:featuredmedia":[{"embeddable":true,"href":"https:\/\/www.vnsg.ch\/site_wp\/wp-json\/wp\/v2\/media\/1345"}],"wp:attachment":[{"href":"https:\/\/www.vnsg.ch\/site_wp\/wp-json\/wp\/v2\/media?parent=1287"}],"wp:term":[{"taxonomy":"category","embeddable":true,"href":"https:\/\/www.vnsg.ch\/site_wp\/wp-json\/wp\/v2\/categories?post=1287"},{"taxonomy":"post_tag","embeddable":true,"href":"https:\/\/www.vnsg.ch\/site_wp\/wp-json\/wp\/v2\/tags?post=1287"}],"curies":[{"name":"wp","href":"https:\/\/api.w.org\/{rel}","templated":true}]}}