{"id":121,"date":"2012-03-23T13:30:00","date_gmt":"2012-03-23T13:30:00","guid":{"rendered":"http:\/\/www.vnsg.ch\/site_wp\/s5-programm-archiv\/c16-pflegeeinsaetze\/pflanzaktion-seltener-sumpfpflanzen-in-der-witi\/"},"modified":"2015-02-01T22:35:55","modified_gmt":"2015-02-01T22:35:55","slug":"pflanzaktion-seltener-sumpfpflanzen-in-der-witi","status":"publish","type":"post","link":"https:\/\/www.vnsg.ch\/site_wp\/programm\/pflegeinsatz\/pflanzaktion-seltener-sumpfpflanzen-in-der-witi\/","title":{"rendered":"Pflanzaktion Riedpflanzen Witi (18 Leute)"},"content":{"rendered":"<p><div class=\"bx-wrapper-border-shadow\">\n<ul class=\"bxslider bxslider1\"><li><img decoding=\"async\" src=\"https:\/\/www.vnsg.ch\/site_wp\/..\/public\/photos\/2012-03-23_pflanzaktion-witi\/Pflanzaktion_DSCN1877.jpg\" width=\"1000\" alt=\"Pflanzaktion_DSCN1877.jpg\" \/><\/li>\n<li><img decoding=\"async\" src=\"https:\/\/www.vnsg.ch\/site_wp\/..\/public\/photos\/2012-03-23_pflanzaktion-witi\/Pflanzaktion_DSCN1881.jpg\" width=\"1000\" alt=\"Pflanzaktion_DSCN1881.jpg\" \/><\/li>\n<li><img decoding=\"async\" src=\"https:\/\/www.vnsg.ch\/site_wp\/..\/public\/photos\/2012-03-23_pflanzaktion-witi\/Pflanzaktion_DSCN1882.jpg\" width=\"1000\" alt=\"Pflanzaktion_DSCN1882.jpg\" \/><\/li>\n<li><img decoding=\"async\" src=\"https:\/\/www.vnsg.ch\/site_wp\/..\/public\/photos\/2012-03-23_pflanzaktion-witi\/Pflanzaktion_DSCN1893.jpg\" width=\"1000\" alt=\"Pflanzaktion_DSCN1893.jpg\" \/><\/li>\n<li><img decoding=\"async\" src=\"https:\/\/www.vnsg.ch\/site_wp\/..\/public\/photos\/2012-03-23_pflanzaktion-witi\/Pflanzaktion_DSCN1905.jpg\" width=\"1000\" alt=\"Pflanzaktion_DSCN1905.jpg\" \/><\/li>\n<\/ul>\n<\/div>\n<br \/>\nUnter Leitung von Jonas L\u00fcthy vom Kantonalen Amt f\u00fcr Raumplanung, Abteilung Natur und Landschaft, bepflanzten wir die Aufwertungsgebiete beim Ostportal A5, dem Egelsee-S\u00fcd und dem Altwasser mit 600 Setzlingen der seltenen Riedpflanzen <em>Hohes Veilchen<\/em>, <em>Gelbe Wiesenraute<\/em> und <em>Pfeiffengras<\/em>. (Fotos: J. L\u00fcthy)<\/p>\n<p><strong>Projekt <\/strong><strong>Riedf\u00f6rderung Grenchner Witi 2011 &#8211; 2015:<\/strong> <a href=\"https:\/\/www.vnsg.ch\/site_wp\/wp-content\/uploads\/2012\/03\/000001978124_2012_427.pdf\" target=\"_blank\">Projektplan<\/a>, <a href=\"https:\/\/www.vnsg.ch\/site_wp\/wp-content\/uploads\/2012\/03\/000001978125_2012_427.pdf\" target=\"_blank\">Bericht 2011<\/a>, <a href=\"https:\/\/www.vnsg.ch\/site_wp\/wp-content\/uploads\/2011\/09\/Riedfoerderung_Info_2011.pdf\" target=\"_blank\">Vortrag J. L\u00fcthy<\/a><\/p>\n","protected":false},"excerpt":{"rendered":"<p>Unter Leitung von Jonas L\u00fcthy vom Kantonalen Amt f\u00fcr Raumplanung, Abteilung Natur und Landschaft, bepflanzten wir die Aufwertungsgebiete beim Ostportal A5, dem Egelsee-S\u00fcd und dem Altwasser mit 600 Setzlingen der seltenen Riedpflanzen Hohes Veilchen, Gelbe Wiesenraute und Pfeiffengras. (Fotos: J. L\u00fcthy) Projekt Riedf\u00f6rderung Grenchner Witi 2011 &#8211; 2015: Projektplan, Bericht 2011, Vortrag J. L\u00fcthy<\/p>\n","protected":false},"author":1,"featured_media":0,"comment_status":"closed","ping_status":"open","sticky":false,"template":"","format":"standard","meta":{"footnotes":""},"categories":[14],"tags":[18],"class_list":["post-121","post","type-post","status-publish","format-standard","hentry","category-pflegeinsatz","tag-fotoalbum"],"_links":{"self":[{"href":"https:\/\/www.vnsg.ch\/site_wp\/wp-json\/wp\/v2\/posts\/121","targetHints":{"allow":["GET"]}}],"collection":[{"href":"https:\/\/www.vnsg.ch\/site_wp\/wp-json\/wp\/v2\/posts"}],"about":[{"href":"https:\/\/www.vnsg.ch\/site_wp\/wp-json\/wp\/v2\/types\/post"}],"author":[{"embeddable":true,"href":"https:\/\/www.vnsg.ch\/site_wp\/wp-json\/wp\/v2\/users\/1"}],"replies":[{"embeddable":true,"href":"https:\/\/www.vnsg.ch\/site_wp\/wp-json\/wp\/v2\/comments?post=121"}],"version-history":[{"count":4,"href":"https:\/\/www.vnsg.ch\/site_wp\/wp-json\/wp\/v2\/posts\/121\/revisions"}],"predecessor-version":[{"id":988,"href":"https:\/\/www.vnsg.ch\/site_wp\/wp-json\/wp\/v2\/posts\/121\/revisions\/988"}],"wp:attachment":[{"href":"https:\/\/www.vnsg.ch\/site_wp\/wp-json\/wp\/v2\/media?parent=121"}],"wp:term":[{"taxonomy":"category","embeddable":true,"href":"https:\/\/www.vnsg.ch\/site_wp\/wp-json\/wp\/v2\/categories?post=121"},{"taxonomy":"post_tag","embeddable":true,"href":"https:\/\/www.vnsg.ch\/site_wp\/wp-json\/wp\/v2\/tags?post=121"}],"curies":[{"name":"wp","href":"https:\/\/api.w.org\/{rel}","templated":true}]}}